{"id":6329,"date":"2023-02-16T17:50:05","date_gmt":"2023-02-16T22:50:05","guid":{"rendered":"https:\/\/aboconta.com\/?p=6329"},"modified":"2023-04-26T08:20:33","modified_gmt":"2023-04-26T13:20:33","slug":"embargo-de-vivienda-familiar","status":"publish","type":"post","link":"https:\/\/aboconta.com\/index.php\/embargo-de-vivienda-familiar\/","title":{"rendered":"No puede levantarse la declaratoria de vivienda familiar de un inmueble solo por la existencia de un tercero perjudicado por el pago de una deuda."},"content":{"rendered":"\n<p><\/p>\n\n\n\n<p>La Sala Tercera de Revisi\u00f3n estudi\u00f3 la tutela contra providencia judicial que present\u00f3 una ciudadana en contra de la decisi\u00f3n de una jueza de Bogot\u00e1 que, en el 2019, orden\u00f3 el levantamiento de la afectaci\u00f3n a vivienda familiar de un inmueble de su propiedad.<strong><\/strong><\/p>\n\n\n\n<p><strong><\/strong><strong><\/strong>La decisi\u00f3n de la jueza fue adoptada en el marco de una disputa iniciada por quien le prest\u00f3 a la accionante 230.000.000 millones de pesos en el 2015, dinero que nunca fue devuelto. Esta situaci\u00f3n llev\u00f3 a que un juez de Arauca librara mandamiento de pago ordenando el embargo de tres inmuebles. Sin embargo, las medidas cautelares no fueron ejecutadas porque dos de las propiedades estaban embargadas y la otra era vivienda familiar.<\/p>\n\n\n\n<p>Por tal motivo, el acreedor inici\u00f3 otro proceso para que se levantara la afectaci\u00f3n a vivienda familiar del inmueble, argumentando que se ha visto perjudicado con el incumplimiento del pago, toda vez que ese dinero fue producto de un cr\u00e9dito bancario por el que se le inici\u00f3 un proceso ejecutivo.<\/p>\n\n\n\n<p>La jueza consider\u00f3 que el acreedor era un tercero perjudicado porque no logr\u00f3 obtener el pago de su deuda. Adem\u00e1s, se\u00f1al\u00f3 que la medida encaminada a proteger la vivienda familiar no se estaba cumpliendo, puesto que en el inmueble no vive el n\u00facleo familiar ni existen menores a quienes proteger.<\/p>\n\n\n\n<p>Con ponencia del magistrado Alejandro Linares Cantillo, la Sala concluy\u00f3 que la jueza incurri\u00f3 en un defecto sustantivo al ordenar el levantamiento de la afectaci\u00f3n. Para esto, la Sala explic\u00f3 cu\u00e1ndo una persona puede ser considerada un tercero perjudicado y precis\u00f3 que su acreditaci\u00f3n no implica el levantamiento de la afectaci\u00f3n a vivienda familiar, puesto que es imperativo que el juez, en el ejercicio de una razonable valoraci\u00f3n probatoria y la sana cr\u00edtica, determine si se configura un \u201cjusto motivo\u201d que amerite el levantamiento.<\/p>\n\n\n\n<p>As\u00ed mismo, la Corte explic\u00f3 que la finalidad de la figura de la afectaci\u00f3n a vivienda familiar consiste en proteger al n\u00facleo familiar de los actos de disposici\u00f3n del familiar propietario y, si bien el c\u00f3nyuge de la accionante se encuentra privado de la libertad, esto no implica que haya dejado de pertenecer a la familia.<\/p>\n\n\n\n<p>\u201cLa accionante adquiri\u00f3 la obligaci\u00f3n 10 a\u00f1os despu\u00e9s de la constituci\u00f3n del gravamen de afectaci\u00f3n de vivienda familiar, por lo que es forzoso concluir que el acreedor conoc\u00eda o deber\u00eda conocer sobre la existencia de dicho gravamen al momento de suscribir la obligaci\u00f3n\u201d, expuso la Sala.<\/p>\n\n\n\n<p>El fallo confirm\u00f3, por las razones expuestas, la decisi\u00f3n proferida por la Corte Suprema de Justicia, la cual concedi\u00f3 el amparo de los derechos fundamentales al debido proceso, propiedad y vivienda digna de la accionante.<\/p>\n\n\n\n<p><strong><em><u>El reconocimiento como un tercero perjudicado no implica el levantamiento de la afectaci\u00f3n a vivienda familiar, puesto que es imperativo que el juez, en el ejercicio de una razonable valoraci\u00f3n probatoria y la sana cr\u00edtica, determine si se configura un \u201cjusto motivo\u201d que amerite el levantamiento.<\/u><\/em><\/strong><\/p>\n\n\n\n<p><strong>Sentencia T-468\/22<\/strong><\/p>\n\n\n\n<p><a href=\"https:\/\/www.portaldms.com\/3\/index.php?option=com_content&amp;view=article&amp;id=1651\" target=\"_blank\" rel=\"noreferrer noopener\">El estudio de t\u00edtulos es fundamental en un negocio sobre inmuebles<\/a><\/p>\n\n\n\n<p>11 <\/p>\n","protected":false},"excerpt":{"rendered":"<p>Cuando desee hacer un negocio con un inmueble debe asesorarse de un abogado. Evite dolores de cabeza y p\u00e9rdida de su dinero.<\/p>\n","protected":false},"author":2,"featured_media":6333,"comment_status":"open","ping_status":"closed","sticky":false,"template":"","format":"standard","meta":{"_joinchat":[],"footnotes":""},"categories":[3,2],"tags":[301,357,356,354,293,358,353,355],"class_list":["post-6329","post","type-post","status-publish","format-standard","has-post-thumbnail","hentry","category-inmobiliaria","category-noticias","tag-aboconta","tag-embargos","tag-estudio-de-titulos","tag-inmuebles","tag-juridica","tag-patrimonio-familiar","tag-sentendia","tag-vivenda-familiar"],"_links":{"self":[{"href":"https:\/\/aboconta.com\/index.php\/wp-json\/wp\/v2\/posts\/6329","targetHints":{"allow":["GET"]}}],"collection":[{"href":"https:\/\/aboconta.com\/index.php\/wp-json\/wp\/v2\/posts"}],"about":[{"href":"https:\/\/aboconta.com\/index.php\/wp-json\/wp\/v2\/types\/post"}],"author":[{"embeddable":true,"href":"https:\/\/aboconta.com\/index.php\/wp-json\/wp\/v2\/users\/2"}],"replies":[{"embeddable":true,"href":"https:\/\/aboconta.com\/index.php\/wp-json\/wp\/v2\/comments?post=6329"}],"version-history":[{"count":3,"href":"https:\/\/aboconta.com\/index.php\/wp-json\/wp\/v2\/posts\/6329\/revisions"}],"predecessor-version":[{"id":6885,"href":"https:\/\/aboconta.com\/index.php\/wp-json\/wp\/v2\/posts\/6329\/revisions\/6885"}],"wp:featuredmedia":[{"embeddable":true,"href":"https:\/\/aboconta.com\/index.php\/wp-json\/wp\/v2\/media\/6333"}],"wp:attachment":[{"href":"https:\/\/aboconta.com\/index.php\/wp-json\/wp\/v2\/media?parent=6329"}],"wp:term":[{"taxonomy":"category","embeddable":true,"href":"https:\/\/aboconta.com\/index.php\/wp-json\/wp\/v2\/categories?post=6329"},{"taxonomy":"post_tag","embeddable":true,"href":"https:\/\/aboconta.com\/index.php\/wp-json\/wp\/v2\/tags?post=6329"}],"curies":[{"name":"wp","href":"https:\/\/api.w.org\/{rel}","templated":true}]}}